{"id":692693,"date":"2025-07-08T14:08:23","date_gmt":"2025-07-08T12:08:23","guid":{"rendered":"https:\/\/shopfully.com\/?post_type=newsroom&#038;p=692693"},"modified":"2025-07-08T14:08:24","modified_gmt":"2025-07-08T12:08:24","slug":"produits-locaux-consommation-france","status":"publish","type":"newsroom","link":"https:\/\/shopfully.com\/fr\/newsroom\/produits-locaux-consommation-france\/","title":{"rendered":"Le local, oui\u2026 mais pas \u00e0 n\u2019importe quel prix : 86% des Fran\u00e7ais y sont attach\u00e9s, 69% le trouvent trop cher"},"content":{"rendered":"\n<p class=\"wp-block-paragraph\">Shopfully, leader europ\u00e9en du Drive to Store, qui connecte chaque jour des millions de consommateurs aux offres locales des marques et enseignes, d\u00e9voile les r\u00e9sultats d\u2019une \u00e9tude men\u00e9e avec l\u2019Ifop sur la place des produits locaux dans les habitudes d\u2019achat des Fran\u00e7ais. Alors que le consommer local s\u00e9duit toujours autant, avec 86% des Fran\u00e7ais qui d\u00e9clarent y accorder de l\u2019importance, l\u2019\u00e9lan est frein\u00e9 par une r\u00e9alit\u00e9 bien concr\u00e8te : pr\u00e8s de 7 Fran\u00e7ais sur 10 jugent les prix trop \u00e9lev\u00e9s, et pr\u00e8s d\u2019un tiers refuse de payer davantage pour acheter local.<\/p>\n\n\n\n<div style=\"height:50px\" aria-hidden=\"true\" class=\"wp-block-spacer \"><\/div>\n\n\n\n<p class=\"has-purple-color has-text-color has-link-color has-komplekt-font-family wp-elements-1 wp-block-paragraph\" style=\"text-transform:uppercase\">Le local s\u2019impose dans l\u2019alimentaire<\/p>\n\n\n\n<p class=\"wp-block-paragraph\">Le lien entre origine locale et qualit\u00e9 se manifeste avec force dans l\u2019alimentaire : 82% des consommateurs d\u00e9clarent accorder de l\u2019importance \u00e0 la provenance locale de leurs produits alimentaires. Mais cette attente ne se limite pas \u00e0 ce que l\u2019on met dans son assiette. 58% des Fran\u00e7ais sont attentifs \u00e0 l\u2019origine des produits d\u2019hygi\u00e8ne et de soins, 49% pour les v\u00eatements, et 38% pour les produits d\u2019entretien m\u00e9nager ou d\u2019ameublement. Ces chiffres confirment que la recherche de proximit\u00e9 et de sens touche d\u00e9sormais l\u2019ensemble des actes de consommation, bien au-del\u00e0 des produits frais.<\/p>\n\n\n\n<div style=\"height:20px\" aria-hidden=\"true\" class=\"wp-block-spacer \"><\/div>\n\n\n\n<figure class=\"wp-block-image size-large \" style=\"margin-top:0;margin-bottom:0\"><img loading=\"lazy\" decoding=\"async\" width=\"1024\" height=\"576\" src=\"https:\/\/shopfully.com\/wp-content\/uploads\/2025\/07\/Ifop-Produits-locaux-Graph-3-1024x576.png\" alt=\"\" class=\"wp-image-692694\" srcset=\"https:\/\/shopfully.com\/wp-content\/uploads\/2025\/07\/Ifop-Produits-locaux-Graph-3-1024x576.png 1024w, https:\/\/shopfully.com\/wp-content\/uploads\/2025\/07\/Ifop-Produits-locaux-Graph-3-300x169.png 300w, https:\/\/shopfully.com\/wp-content\/uploads\/2025\/07\/Ifop-Produits-locaux-Graph-3-768x432.png 768w, https:\/\/shopfully.com\/wp-content\/uploads\/2025\/07\/Ifop-Produits-locaux-Graph-3-1536x864.png 1536w, https:\/\/shopfully.com\/wp-content\/uploads\/2025\/07\/Ifop-Produits-locaux-Graph-3-2048x1152.png 2048w\" sizes=\"auto, (max-width: 1024px) 100vw, 1024px\" \/><\/figure>\n\n\n\n<div style=\"height:50px\" aria-hidden=\"true\" class=\"wp-block-spacer \"><\/div>\n\n\n\n<p class=\"has-purple-color has-text-color has-link-color has-komplekt-font-family wp-elements-2 wp-block-paragraph\" style=\"text-transform:uppercase\">Un r\u00e9flexe local\u2026 encore \u00e0 automatiser<\/p>\n\n\n\n<p class=\"wp-block-paragraph\">Si 85% des Fran\u00e7ais disent pr\u00eater attention \u00e0 la mention \u00ab\u00a0produit local\u00a0\u00bb en rayon, ils ne sont que 25% \u00e0 le faire syst\u00e9matiquement. La vigilance est plus marqu\u00e9e chez les seniors (33% chez les 65 ans et plus) ainsi que dans le Sud-Ouest, une r\u00e9gion o\u00f9 l\u2019identit\u00e9 territoriale reste forte.<\/p>\n\n\n\n<div style=\"height:50px\" aria-hidden=\"true\" class=\"wp-block-spacer \"><\/div>\n\n\n\n<p class=\"has-purple-color has-text-color has-link-color has-komplekt-font-family wp-elements-3 wp-block-paragraph\" style=\"text-transform:uppercase\">Des motivations fortes : qualit\u00e9, proximit\u00e9 et impact<\/p>\n\n\n\n<p class=\"wp-block-paragraph\">Soutenir l\u2019\u00e9conomie locale et les petits producteurs constitue la motivation premi\u00e8re (60%), suivie par la recherche de produits frais et de qualit\u00e9 (59%) et l\u2019envie d\u2019encourager des circuits courts et plus \u00e9thiques (49%). L\u2019\u00e9tude souligne aussi des \u00e9carts g\u00e9n\u00e9rationnels : les plus de 65 ans valorisent surtout le soutien \u00e0 l\u2019\u00e9conomie locale, quand les moins de 35 ans sont plus sensibles \u00e0 l\u2019impact environnemental. Les CSP+ accordent quant \u00e0 eux plus d&rsquo;importance \u00e0 la transparence sur l&rsquo;origine et la fabrication des produits.<\/p>\n\n\n\n<div style=\"height:20px\" aria-hidden=\"true\" class=\"wp-block-spacer \"><\/div>\n\n\n\n<figure class=\"wp-block-image size-large \" style=\"margin-top:0;margin-bottom:0\"><img loading=\"lazy\" decoding=\"async\" width=\"1024\" height=\"576\" src=\"https:\/\/shopfully.com\/wp-content\/uploads\/2025\/07\/Ifop-Produits-locaux-Graph-1-1024x576.png\" alt=\"\" class=\"wp-image-692695\" srcset=\"https:\/\/shopfully.com\/wp-content\/uploads\/2025\/07\/Ifop-Produits-locaux-Graph-1-1024x576.png 1024w, https:\/\/shopfully.com\/wp-content\/uploads\/2025\/07\/Ifop-Produits-locaux-Graph-1-300x169.png 300w, https:\/\/shopfully.com\/wp-content\/uploads\/2025\/07\/Ifop-Produits-locaux-Graph-1-768x432.png 768w, https:\/\/shopfully.com\/wp-content\/uploads\/2025\/07\/Ifop-Produits-locaux-Graph-1-1536x864.png 1536w, https:\/\/shopfully.com\/wp-content\/uploads\/2025\/07\/Ifop-Produits-locaux-Graph-1-2048x1152.png 2048w\" sizes=\"auto, (max-width: 1024px) 100vw, 1024px\" \/><\/figure>\n\n\n\n<div style=\"height:50px\" aria-hidden=\"true\" class=\"wp-block-spacer \"><\/div>\n\n\n\n<p class=\"has-purple-color has-text-color has-link-color has-komplekt-font-family wp-elements-4 wp-block-paragraph\" style=\"text-transform:uppercase\">Le local s\u00e9duit\u2026 mais pas \u00e0 n\u2019importe quel prix<\/p>\n\n\n\n<p class=\"wp-block-paragraph\">Le local pla\u00eet, mais il reste per\u00e7u comme un luxe. 69% des r\u00e9pondants estiment que les produits locaux sont trop chers. Pr\u00e8s d\u2019un tiers refuse de payer davantage, tandis que 40% tol\u00e8rent un l\u00e9ger surco\u00fbt, \u00e0 condition qu\u2019il reste raisonnable. Le manque de choix et la disponibilit\u00e9 en rayon sont \u00e9galement des obstacles importants (32%).<\/p>\n\n\n\n<div style=\"height:20px\" aria-hidden=\"true\" class=\"wp-block-spacer \"><\/div>\n\n\n\n<figure class=\"wp-block-image size-large \" style=\"margin-top:0;margin-bottom:0\"><img loading=\"lazy\" decoding=\"async\" width=\"1024\" height=\"576\" src=\"https:\/\/shopfully.com\/wp-content\/uploads\/2025\/07\/Ifop-Produits-locaux-Graph-2-1024x576.png\" alt=\"\" class=\"wp-image-692696\" srcset=\"https:\/\/shopfully.com\/wp-content\/uploads\/2025\/07\/Ifop-Produits-locaux-Graph-2-1024x576.png 1024w, https:\/\/shopfully.com\/wp-content\/uploads\/2025\/07\/Ifop-Produits-locaux-Graph-2-300x169.png 300w, https:\/\/shopfully.com\/wp-content\/uploads\/2025\/07\/Ifop-Produits-locaux-Graph-2-768x432.png 768w, https:\/\/shopfully.com\/wp-content\/uploads\/2025\/07\/Ifop-Produits-locaux-Graph-2-1536x864.png 1536w, https:\/\/shopfully.com\/wp-content\/uploads\/2025\/07\/Ifop-Produits-locaux-Graph-2-2048x1153.png 2048w\" sizes=\"auto, (max-width: 1024px) 100vw, 1024px\" \/><\/figure>\n\n\n\n<div style=\"height:20px\" aria-hidden=\"true\" class=\"wp-block-spacer \"><\/div>\n\n\n\n<p class=\"wp-block-paragraph\">\u00ab <em>Cette \u00e9tude confirme que l\u2019achat local repr\u00e9sente un v\u00e9ritable enjeu pour les enseignes et les marques \u00bb, <\/em><strong>commente Henri-No\u00ebl Bouvet, Directeur France &amp; Iberia chez Shopfully. <\/strong><em>\u00ab Les Fran\u00e7ais sont pr\u00eats \u00e0 s\u2019engager dans une consommation plus responsable, mais ils attendent des acteurs du retail qu\u2019ils rendent cette d\u00e9marche \u00e9conomiquement viable. Le d\u00e9fi est clair : rendre l\u2019achat local accessible, sans trahir les valeurs de proximit\u00e9, d\u2019authenticit\u00e9 et d\u2019engagement citoyen qui font sa force. C\u2019est pourquoi nous encourageons les enseignes \u00e0 mieux valoriser leurs offres locales aupr\u00e8s des consommateurs de leur territoire. <\/em>\u00bb<\/p>\n\n\n\n<p class=\"wp-block-paragraph\"><\/p>\n","protected":false},"excerpt":{"rendered":"<p>Shopfully, leader europ\u00e9en du Drive to Store, qui connecte chaque jour des millions de consommateurs aux offres locales des marques et enseignes, d\u00e9voile les r\u00e9sultats d\u2019une \u00e9tude men\u00e9e avec l\u2019Ifop sur la place des produits locaux dans les habitudes d\u2019achat des Fran\u00e7ais. Alors que le consommer local s\u00e9duit toujours autant, avec 86% des Fran\u00e7ais qui [&hellip;]<\/p>\n","protected":false},"featured_media":692698,"parent":0,"menu_order":0,"template":"","meta":{"_acf_changed":false,"footnotes":""},"class_list":["post-692693","newsroom","type-newsroom","status-publish","has-post-thumbnail","hentry"],"acf":{"topic_news":[1542],"country_news":"France","date_news":"20250708"},"_links":{"self":[{"href":"https:\/\/shopfully.com\/fr\/wp-json\/wp\/v2\/newsroom\/692693","targetHints":{"allow":["GET"]}}],"collection":[{"href":"https:\/\/shopfully.com\/fr\/wp-json\/wp\/v2\/newsroom"}],"about":[{"href":"https:\/\/shopfully.com\/fr\/wp-json\/wp\/v2\/types\/newsroom"}],"version-history":[{"count":3,"href":"https:\/\/shopfully.com\/fr\/wp-json\/wp\/v2\/newsroom\/692693\/revisions"}],"predecessor-version":[{"id":692700,"href":"https:\/\/shopfully.com\/fr\/wp-json\/wp\/v2\/newsroom\/692693\/revisions\/692700"}],"acf:term":[{"embeddable":true,"taxonomy":"post_tag","href":"https:\/\/shopfully.com\/fr\/wp-json\/wp\/v2\/tags\/1542"}],"wp:featuredmedia":[{"embeddable":true,"href":"https:\/\/shopfully.com\/fr\/wp-json\/wp\/v2\/media\/692698"}],"wp:attachment":[{"href":"https:\/\/shopfully.com\/fr\/wp-json\/wp\/v2\/media?parent=692693"}],"curies":[{"name":"wp","href":"https:\/\/api.w.org\/{rel}","templated":true}]}}