{"id":695240,"date":"2026-01-29T16:53:03","date_gmt":"2026-01-29T15:53:03","guid":{"rendered":"https:\/\/shopfully.com\/?post_type=newsroom&#038;p=695240"},"modified":"2026-01-29T16:53:04","modified_gmt":"2026-01-29T15:53:04","slug":"comment-les-francais-preparent-leurs-achats-2026","status":"publish","type":"newsroom","link":"https:\/\/shopfully.com\/fr\/newsroom\/comment-les-francais-preparent-leurs-achats-2026\/","title":{"rendered":"Comment les Fran\u00e7ais abordent leurs achats en 2026 : vers une consommation plus planifi\u00e9e"},"content":{"rendered":"\n<p class=\"wp-block-paragraph\">\u00c0 l\u2019entr\u00e9e de 2026, les comportements d\u2019achat des Fran\u00e7ais s\u2019inscrivent durablement dans une logique de <strong>planification<\/strong> et de <strong>ma\u00eetrise budg\u00e9taire<\/strong>.<\/p>\n\n\n\n<p class=\"wp-block-paragraph\"><strong>Anticipation<\/strong> des <strong>d\u00e9penses<\/strong>, attention accrue aux <strong>promotions<\/strong> et <strong>pr\u00e9paration<\/strong> des achats via le mobile, en lien direct avec le magasin, sont d\u00e9sormais des pratiques bien install\u00e9es. Elles se sont renforc\u00e9es au fil des diff\u00e9rents temps forts de consommation observ\u00e9s tout au long de l\u2019ann\u00e9e.<\/p>\n\n\n\n<p class=\"wp-block-paragraph\">Les donn\u00e9es propri\u00e9taires de Shopfully, issues notamment de <em>The State of Shopping 2025<\/em> et d\u2019\u00e9tudes internes men\u00e9es en France en 2025, confirment une \u00e9volution claire. La consommation devient <strong>moins impulsive<\/strong>, <strong>plus structur\u00e9e<\/strong> et davantage <strong>orient\u00e9e<\/strong> vers la <strong>recherche de prix.<\/strong><\/p>\n\n\n\n<p class=\"has-purple-color has-text-color has-link-color has-komplekt-font-family wp-elements-1 wp-block-paragraph\" style=\"font-style:normal;font-weight:700;text-transform:uppercase\"><strong>Anticiper pour mieux ma\u00eetriser son budget<\/strong><\/p>\n\n\n\n<p class=\"wp-block-paragraph\">Selon une \u00e9tude men\u00e9e en France par Shopfully avec OpinionWay <strong>\u00e0 l\u2019occasion des achats de fin d\u2019ann\u00e9e 2025 (No\u00ebl et p\u00e9riodes promotionnelles comme le Black Friday)<\/strong>, plus d\u2019un Fran\u00e7ais sur deux (52 %) a commenc\u00e9 ses achats d\u00e8s octobre ou novembre, profitant de ces temps forts pour <strong>anticiper ses d\u00e9penses et mieux ma\u00eetriser son budget<\/strong>.<\/p>\n\n\n\n<p class=\"wp-block-paragraph\">Initialement observ\u00e9e lors des grands moments de consommation, cette logique d\u2019<strong>anticipation<\/strong> s\u2019est progressivement <strong>\u00e9tendue \u00e0 l\u2019ensemble de l\u2019ann\u00e9e<\/strong>. Sous l\u2019effet d\u2019une <strong>pression durable sur le pouvoir d\u2019achat<\/strong>, les consommateurs appliquent d\u00e9sormais ces r\u00e9flexes \u00e0 leurs achats du quotidien : <strong>comparer en amont<\/strong>, <strong>rep\u00e9rer les promotions pertinentes<\/strong> et <strong>d\u00e9cider plus t\u00f4t o\u00f9 acheter<\/strong>.<\/p>\n\n\n\n<p class=\"wp-block-paragraph\">Le <strong>mobile<\/strong> joue un r\u00f4le central dans cette phase de pr\u00e9paration. V\u00e9ritable <strong>point d\u2019entr\u00e9e du parcours d\u2019achat<\/strong>, il permet aux consommateurs de <strong>s\u2019informer<\/strong>, de <strong>comparer les offres<\/strong> et de <strong>planifier leurs d\u00e9placements<\/strong> avant de se rendre en magasin. Selon <strong><em>The State of Shopping 2025<\/em><\/strong>, <strong>76 % des consommateurs fran\u00e7ais<\/strong> recherchent des informations en ligne avant d\u2019effectuer un achat en point de vente.<\/p>\n\n\n\n<p class=\"wp-block-paragraph\">\u00ab Le consommateur fran\u00e7ais est entr\u00e9 dans une logique d\u2019<strong>anticipation <\/strong>durable \u00bb, analyse <strong>Henri-No\u00ebl Bouvet, Directeur France &amp; Iberia chez Shopfully<\/strong>.\u00ab L\u2019achat commence bien <strong>avant<\/strong> la visite en <strong>magasin<\/strong>, par la <strong>recherche<\/strong> d\u2019information et la comparaison. Cette planification permet de mieux ma\u00eetriser son budget tout en faisant des choix plus \u00e9clair\u00e9s. \u00bb<\/p>\n\n\n\n<p class=\"has-purple-color has-text-color has-link-color has-komplekt-font-family wp-elements-2 wp-block-paragraph\" style=\"font-style:normal;font-weight:700;text-transform:uppercase\"><strong>Des arbitrages plus r\u00e9fl\u00e9chis tout au long de l\u2019ann\u00e9e<\/strong><\/p>\n\n\n\n<p class=\"wp-block-paragraph\">La <strong>question budg\u00e9taire<\/strong> reste centrale. Fin 2025, <strong>46 % des Fran\u00e7ais<\/strong> d\u00e9claraient viser un <strong>budget inf\u00e9rieur \u00e0 200 euros<\/strong> pour leurs d\u00e9penses de fin d\u2019ann\u00e9e, illustrant une <strong>recherche de sobri\u00e9t\u00e9 et de rationalisation<\/strong>. Cette prudence se traduit par des <strong>arbitrages plus assum\u00e9s<\/strong> : achats plus cibl\u00e9s, <strong>priorisation de produits jug\u00e9s utiles ou qualitatifs<\/strong>, et <strong>r\u00e9duction des d\u00e9penses non essentielles<\/strong>.<\/p>\n\n\n\n<p class=\"wp-block-paragraph\">Selon <strong><em>The State of Shopping 2025<\/em><\/strong>, cette rationalisation s\u2019observe <strong>tout au long de l\u2019ann\u00e9e<\/strong>, avec une pression plus marqu\u00e9e sur les <strong>cat\u00e9gories non essentielles<\/strong>, tandis que les <strong>achats du quotidien<\/strong> restent relativement pr\u00e9serv\u00e9s.<\/p>\n\n\n\n<p class=\"wp-block-paragraph\">\u00ab <strong>Les Fran\u00e7ais ne cherchent pas \u00e0 consommer moins, mais \u00e0 consommer mieux<\/strong> \u00bb, souligne <strong>Henri-No\u00ebl Bouvet<\/strong>. \u00ab Ils arbitrent et attendent des enseignes des <strong>offres claires, utiles et r\u00e9ellement adapt\u00e9es \u00e0 leurs besoins<\/strong>. \u00bb<\/p>\n\n\n\n<p class=\"has-purple-color has-text-color has-link-color has-komplekt-font-family wp-elements-3 wp-block-paragraph\" style=\"font-style:normal;font-weight:700;text-transform:uppercase\"><strong>Digital et magasin : une compl\u00e9mentarit\u00e9 devenue essentielle<\/strong><\/p>\n\n\n\n<p class=\"wp-block-paragraph\">Cette logique de pr\u00e9paration ne remet pas en cause le <strong>r\u00f4le du magasin<\/strong>. Selon des <strong>donn\u00e9es internes de Shopfully recueillies en France fin 2025<\/strong>, <strong>38 % des consommateurs<\/strong> alternent de mani\u00e8re \u00e9quilibr\u00e9e entre <strong>digital et point de vente<\/strong>, tandis que <strong>42 %<\/strong> privil\u00e9gient encore majoritairement le <strong>magasin<\/strong>, notamment pour <strong>voir, toucher ou essayer les produits<\/strong>.<\/p>\n\n\n\n<p class=\"wp-block-paragraph\">Cette compl\u00e9mentarit\u00e9 illustre le r\u00f4le cl\u00e9 du <strong><em>drive-to-store<\/em><\/strong>, avec le <strong>mobile<\/strong> comme <strong>lien direct entre la recherche en ligne et l\u2019achat en magasin<\/strong>. En donnant de la visibilit\u00e9 sur les <strong>produits<\/strong>, les <strong>prix<\/strong> et les <strong>promotions<\/strong> avant la visite, il facilite la prise de d\u00e9cision, <strong>limite les d\u00e9placements inutiles<\/strong> et contribue \u00e0 un <strong>parcours d\u2019achat plus fluide et plus efficace<\/strong>.\u00ab <strong>La combinaison du digital et du point de vente physique n\u2019est plus une option<\/strong> \u00bb, conclut <strong>Henri-No\u00ebl Bouvet<\/strong>. \u00ab <strong>C\u2019est aujourd\u2019hui la base d\u2019un parcours d\u2019achat plus utile<\/strong>, \u00e0 la fois pour les consommateurs et pour les enseignes. \u00bb<\/p>\n","protected":false},"excerpt":{"rendered":"<p>\u00c0 l\u2019entr\u00e9e de 2026, les comportements d\u2019achat des Fran\u00e7ais s\u2019inscrivent durablement dans une logique de planification et de ma\u00eetrise budg\u00e9taire. Anticipation des d\u00e9penses, attention accrue aux promotions et pr\u00e9paration des achats via le mobile, en lien direct avec le magasin, sont d\u00e9sormais des pratiques bien install\u00e9es. Elles se sont renforc\u00e9es au fil des diff\u00e9rents temps [&hellip;]<\/p>\n","protected":false},"featured_media":695241,"parent":0,"menu_order":0,"template":"","meta":{"_acf_changed":false,"footnotes":""},"class_list":["post-695240","newsroom","type-newsroom","status-publish","has-post-thumbnail","hentry"],"acf":{"topic_news":[1542],"country_news":"France","date_news":"20260129"},"_links":{"self":[{"href":"https:\/\/shopfully.com\/fr\/wp-json\/wp\/v2\/newsroom\/695240","targetHints":{"allow":["GET"]}}],"collection":[{"href":"https:\/\/shopfully.com\/fr\/wp-json\/wp\/v2\/newsroom"}],"about":[{"href":"https:\/\/shopfully.com\/fr\/wp-json\/wp\/v2\/types\/newsroom"}],"version-history":[{"count":1,"href":"https:\/\/shopfully.com\/fr\/wp-json\/wp\/v2\/newsroom\/695240\/revisions"}],"predecessor-version":[{"id":695242,"href":"https:\/\/shopfully.com\/fr\/wp-json\/wp\/v2\/newsroom\/695240\/revisions\/695242"}],"acf:term":[{"embeddable":true,"taxonomy":"post_tag","href":"https:\/\/shopfully.com\/fr\/wp-json\/wp\/v2\/tags\/1542"}],"wp:featuredmedia":[{"embeddable":true,"href":"https:\/\/shopfully.com\/fr\/wp-json\/wp\/v2\/media\/695241"}],"wp:attachment":[{"href":"https:\/\/shopfully.com\/fr\/wp-json\/wp\/v2\/media?parent=695240"}],"curies":[{"name":"wp","href":"https:\/\/api.w.org\/{rel}","templated":true}]}}