{"id":695634,"date":"2026-04-08T16:21:57","date_gmt":"2026-04-08T14:21:57","guid":{"rendered":"https:\/\/shopfully.com\/?post_type=newsroom&#038;p=695634"},"modified":"2026-04-08T16:21:57","modified_gmt":"2026-04-08T14:21:57","slug":"bricolage-travaux-maison","status":"publish","type":"newsroom","link":"https:\/\/shopfully.com\/fr\/newsroom\/bricolage-travaux-maison\/","title":{"rendered":"63% des Fran\u00e7ais pr\u00e9voient des travaux \u00e0 l\u2019approche des beaux jours"},"content":{"rendered":"\n<p class=\"wp-block-paragraph\">\u00c0 l\u2019approche des beaux jours, les projets d\u2019am\u00e9lioration de l\u2019habitat s\u2019imposent comme une priorit\u00e9 pour de nombreux Fran\u00e7ais. Entre envie de renouveau, recherche de confort et contraintes budg\u00e9taires, les arbitrages se pr\u00e9cisent. C\u2019est ce que r\u00e9v\u00e8le une \u00e9tude men\u00e9e par Shopfully, en collaboration avec OpinionWay.<\/p>\n\n\n\n<p class=\"wp-block-paragraph\">Pr\u00e8s de deux Fran\u00e7ais sur trois (63%) d\u00e9clarent envisager des travaux ou des am\u00e9nagements dans leur logement dans les prochains mois. Une dynamique particuli\u00e8rement marqu\u00e9e chez les propri\u00e9taires et les cat\u00e9gories socio-professionnelles sup\u00e9rieures, tandis que les locataires restent plus en retrait, avec pr\u00e8s d\u2019un quart d\u2019entre eux sans projet.<\/p>\n\n\n\n<p class=\"wp-block-paragraph\">Derri\u00e8re ces intentions, les arbitrages budg\u00e9taires restent bien pr\u00e9sents. Parmi ceux qui pr\u00e9voient des travaux, <strong>70% comptent maintenir ou augmenter leur budget<\/strong>, dont 46% \u00e0 un niveau comparable \u00e0 l\u2019an dernier et 23% en hausse. \u00c0 l\u2019inverse, les plus de 65 ans se distinguent par une plus grande prudence, avec une tendance plus marqu\u00e9e \u00e0 la baisse.<\/p>\n\n\n\n<p class=\"has-purple-color has-text-color has-link-color has-komplekt-font-family wp-elements-1 wp-block-paragraph\" style=\"font-style:normal;font-weight:700;text-transform:uppercase\"><strong>Le confort, moteur principal des projets<\/strong><\/p>\n\n\n\n<p class=\"wp-block-paragraph\">Si les contraintes existent, les motivations restent fortes. <strong>Am\u00e9liorer le confort et le bien-\u00eatre du logement arrive largement en t\u00eate (63%)<\/strong>, devant l\u2019envie de personnaliser son int\u00e9rieur (51%) et la n\u00e9cessit\u00e9 de r\u00e9pondre \u00e0 une contrainte du quotidien, comme une panne ou de l\u2019usure (40%).<\/p>\n\n\n\n<p class=\"wp-block-paragraph\">Les projets envisag\u00e9s refl\u00e8tent cette priorit\u00e9 : il s\u2019agit avant tout d\u2019entretien, de r\u00e9paration ou de petits travaux, mais aussi de d\u00e9coration int\u00e9rieure. Plus qu\u2019un simple investissement, le logement s\u2019impose comme un espace \u00e0 optimiser pour am\u00e9liorer son cadre de vie.<\/p>\n\n\n\n<p class=\"has-purple-color has-text-color has-link-color has-komplekt-font-family wp-elements-2 wp-block-paragraph\" style=\"font-style:normal;font-weight:700;text-transform:uppercase\"><strong>Entre planification et spontan\u00e9it\u00e9<\/strong><\/p>\n\n\n\n<p class=\"wp-block-paragraph\">Si certains projets sont anticip\u00e9s, les comportements d\u2019achat r\u00e9v\u00e8lent une r\u00e9alit\u00e9 plus nuanc\u00e9e. <strong>34% des Fran\u00e7ais d\u00e9clarent initier leurs d\u00e9penses dans le cadre d\u2019un projet planifi\u00e9<\/strong>, mais une part importante \u00e9voque \u00e9galement des d\u00e9clencheurs plus impr\u00e9vus, qu\u2019il s\u2019agisse d\u2019un besoin soudain (27%) ou d\u2019une simple source d\u2019inspiration (21%).<\/p>\n\n\n\n<p class=\"wp-block-paragraph\">Cette dualit\u00e9 se retrouve selon le statut d\u2019occupation : les propri\u00e9taires s\u2019inscrivent davantage dans une logique de planification, tandis que les locataires se laissent plus volontiers guider par des envies ou des id\u00e9es de d\u00e9coration.<\/p>\n\n\n\n<figure class=\"wp-block-image size-large \"><img loading=\"lazy\" decoding=\"async\" width=\"1024\" height=\"576\" src=\"https:\/\/shopfully.com\/wp-content\/uploads\/2026\/04\/image-1024x576.jpeg\" alt=\"\" class=\"wp-image-695635\" srcset=\"https:\/\/shopfully.com\/wp-content\/uploads\/2026\/04\/image-1024x576.jpeg 1024w, https:\/\/shopfully.com\/wp-content\/uploads\/2026\/04\/image-300x169.jpeg 300w, https:\/\/shopfully.com\/wp-content\/uploads\/2026\/04\/image-768x432.jpeg 768w, https:\/\/shopfully.com\/wp-content\/uploads\/2026\/04\/image-1536x864.jpeg 1536w, https:\/\/shopfully.com\/wp-content\/uploads\/2026\/04\/image.jpeg 1600w\" sizes=\"auto, (max-width: 1024px) 100vw, 1024px\" \/><\/figure>\n\n\n\n<p class=\"has-purple-color has-text-color has-link-color has-komplekt-font-family wp-elements-3 wp-block-paragraph\" style=\"font-style:normal;font-weight:700;text-transform:uppercase\"><strong>Un logement toujours au c\u0153ur des priorit\u00e9s<\/strong><\/p>\n\n\n\n<p class=\"wp-block-paragraph\">Au final, l\u2019\u00e9tude met en lumi\u00e8re une tendance claire : malgr\u00e9 un contexte \u00e9conomique contraint, les Fran\u00e7ais continuent d\u2019accorder une place centrale \u00e0 leur logement. \u00c0 l\u2019approche des beaux jours, les projets d\u2019habitat s\u2019inscrivent ainsi dans un \u00e9quilibre entre envie d\u2019am\u00e9lioration, contraintes budg\u00e9taires et recherche de bien-\u00eatre.<\/p>\n\n\n\n<p class=\"wp-block-paragraph\">\u00ab Dans un contexte marqu\u00e9 par les arbitrages budg\u00e9taires, les Fran\u00e7ais continuent de placer leur logement au c\u0153ur de leurs priorit\u00e9s. Entre projets anticip\u00e9s et achats plus spontan\u00e9s, les enseignes ont un r\u00f4le cl\u00e9 \u00e0 jouer pour capter ces moments de d\u00e9cision et proposer des offres adapt\u00e9es \u00bb, d\u00e9clare Henri-No\u00ebl Bouvet, France &amp; Iberia Director chez Shopfully.<\/p>\n\n\n\n<p class=\"has-text-color has-link-color has-komplekt-font-family wp-elements-4 wp-block-paragraph\" style=\"color:#777794;font-style:normal;font-weight:700;text-transform:uppercase\"><strong>M\u00e9thodologie<\/strong><\/p>\n\n\n\n<p class=\"has-text-color has-link-color wp-elements-5 wp-block-paragraph\" style=\"color:#777794\">\u00c9tude r\u00e9alis\u00e9e par OpinionWay pour Shopfully aupr\u00e8s d\u2019un \u00e9chantillon de 1 011 Fran\u00e7ais \u00e2g\u00e9s de 18 ans et plus.<\/p>\n\n\n\n<p class=\"wp-block-paragraph\"><\/p>\n","protected":false},"excerpt":{"rendered":"<p>\u00c0 l\u2019approche des beaux jours, les projets d\u2019am\u00e9lioration de l\u2019habitat s\u2019imposent comme une priorit\u00e9 pour de nombreux Fran\u00e7ais. Entre envie de renouveau, recherche de confort et contraintes budg\u00e9taires, les arbitrages se pr\u00e9cisent. C\u2019est ce que r\u00e9v\u00e8le une \u00e9tude men\u00e9e par Shopfully, en collaboration avec OpinionWay. Pr\u00e8s de deux Fran\u00e7ais sur trois (63%) d\u00e9clarent envisager des [&hellip;]<\/p>\n","protected":false},"featured_media":695636,"parent":0,"menu_order":0,"template":"","meta":{"_acf_changed":false,"footnotes":""},"class_list":["post-695634","newsroom","type-newsroom","status-publish","has-post-thumbnail","hentry"],"acf":{"topic_news":[1542],"country_news":"France","date_news":"20260408"},"_links":{"self":[{"href":"https:\/\/shopfully.com\/fr\/wp-json\/wp\/v2\/newsroom\/695634","targetHints":{"allow":["GET"]}}],"collection":[{"href":"https:\/\/shopfully.com\/fr\/wp-json\/wp\/v2\/newsroom"}],"about":[{"href":"https:\/\/shopfully.com\/fr\/wp-json\/wp\/v2\/types\/newsroom"}],"version-history":[{"count":1,"href":"https:\/\/shopfully.com\/fr\/wp-json\/wp\/v2\/newsroom\/695634\/revisions"}],"predecessor-version":[{"id":695637,"href":"https:\/\/shopfully.com\/fr\/wp-json\/wp\/v2\/newsroom\/695634\/revisions\/695637"}],"acf:term":[{"embeddable":true,"taxonomy":"post_tag","href":"https:\/\/shopfully.com\/fr\/wp-json\/wp\/v2\/tags\/1542"}],"wp:featuredmedia":[{"embeddable":true,"href":"https:\/\/shopfully.com\/fr\/wp-json\/wp\/v2\/media\/695636"}],"wp:attachment":[{"href":"https:\/\/shopfully.com\/fr\/wp-json\/wp\/v2\/media?parent=695634"}],"curies":[{"name":"wp","href":"https:\/\/api.w.org\/{rel}","templated":true}]}}