{"id":694301,"date":"2025-10-14T09:00:00","date_gmt":"2025-10-14T07:00:00","guid":{"rendered":"https:\/\/shopfully.com\/?post_type=newsroom&#038;p=694301"},"modified":"2025-10-13T17:20:30","modified_gmt":"2025-10-13T15:20:30","slug":"portugueses-escolhem-marcas-proprias","status":"publish","type":"newsroom","link":"https:\/\/shopfully.com\/pt-pt\/newsroom\/portugueses-escolhem-marcas-proprias\/","title":{"rendered":"93% dos portugueses escolhem marcas pr\u00f3prias: qualidade e pre\u00e7o s\u00e3o os principais motores de compra"},"content":{"rendered":"\n<p class=\"wp-block-paragraph\">A <a href=\"https:\/\/shopfully.com\/pt-pt\/\"><strong>Shopfully<\/strong><\/a>, em colabora\u00e7\u00e3o com a <strong>YouGov<\/strong>, analisou os h\u00e1bitos de compra de mais de 1.000 consumidores portugueses, num contexto marcado pela infla\u00e7\u00e3o e pela incerteza econ\u00f3mica. O estudo revela um consumidor mais estrat\u00e9gico, digital e pragm\u00e1tico, que ajusta a forma de comprar para otimizar o or\u00e7amento familiar sem abdicar da qualidade.<\/p>\n\n\n\n<p class=\"has-purple-color has-text-color has-link-color has-komplekt-font-family wp-elements-1 wp-block-paragraph\" style=\"font-style:normal;font-weight:700;text-transform:uppercase\"><strong>Preocupa\u00e7\u00e3o com o poder de compra<\/strong><\/p>\n\n\n\n<p class=\"wp-block-paragraph\"><strong>Metade dos portugueses (51%) prev\u00ea uma perda de poder de compra<\/strong> nos pr\u00f3ximos 12 meses, sobretudo devido \u00e0 subida de pre\u00e7os (39%). Esta preocupa\u00e7\u00e3o \u00e9 particularmente elevada entre as mulheres (44%) e os maiores de 55 anos (46%). Como consequ\u00eancia, 78% dos consumidores alterou a sua forma de comprar no \u00faltimo ano, intensificando a procura de descontos (38%), aumentando o consumo de marcas pr\u00f3prias (29%) e comparando pre\u00e7os com maior aten\u00e7\u00e3o (28%).<\/p>\n\n\n\n<figure class=\"wp-block-image size-large \"><img loading=\"lazy\" decoding=\"async\" width=\"1024\" height=\"576\" src=\"https:\/\/shopfully.com\/wp-content\/uploads\/2025\/10\/YouGov-PT-Catalogos-y-marcas-proprias-Graph-4-NLB-1024x576.png\" alt=\"\" class=\"wp-image-694299\" srcset=\"https:\/\/shopfully.com\/wp-content\/uploads\/2025\/10\/YouGov-PT-Catalogos-y-marcas-proprias-Graph-4-NLB-1024x576.png 1024w, https:\/\/shopfully.com\/wp-content\/uploads\/2025\/10\/YouGov-PT-Catalogos-y-marcas-proprias-Graph-4-NLB-300x169.png 300w, https:\/\/shopfully.com\/wp-content\/uploads\/2025\/10\/YouGov-PT-Catalogos-y-marcas-proprias-Graph-4-NLB-768x432.png 768w, https:\/\/shopfully.com\/wp-content\/uploads\/2025\/10\/YouGov-PT-Catalogos-y-marcas-proprias-Graph-4-NLB-1536x864.png 1536w, https:\/\/shopfully.com\/wp-content\/uploads\/2025\/10\/YouGov-PT-Catalogos-y-marcas-proprias-Graph-4-NLB.png 1921w\" sizes=\"auto, (max-width: 1024px) 100vw, 1024px\" \/><\/figure>\n\n\n\n<p class=\"wp-block-paragraph\"><\/p>\n\n\n\n<p class=\"has-purple-color has-text-color has-link-color has-komplekt-font-family wp-elements-2 wp-block-paragraph\" style=\"font-style:normal;font-weight:700;text-transform:uppercase\"><strong>Folhetos: um cl\u00e1ssico que se reinventa no digital<\/strong><\/p>\n\n\n\n<p class=\"wp-block-paragraph\">Longe de desaparecerem, os folhetos consolidam-se como ferramenta essencial para planear as compras: <strong>76% dos portugueses consultam-nos, sejam digitais ou impressos.<\/strong> A grande transforma\u00e7\u00e3o est\u00e1 no formato: os folhetos digitais lideram a prefer\u00eancia (30%), \u00e0 frente dos impressos (19%), enquanto 27% combina ambos. Mais ainda: 7 em cada 10 consultam folhetos digitais pelo menos uma vez por semana, confirmando que o digital j\u00e1 \u00e9 o motor do planeamento de compras. Entre os menores de 45 anos, o digital imp\u00f5e-se com clareza, refletindo um consumidor cada vez mais conectado e pr\u00e1tico. Al\u00e9m disso, as mulheres apresentam uma assiduidade ligeiramente superior na consulta de folhetos digitais (72% face a 67% nos homens).<\/p>\n\n\n\n<figure class=\"wp-block-image size-large \"><img loading=\"lazy\" decoding=\"async\" width=\"1024\" height=\"577\" src=\"https:\/\/shopfully.com\/wp-content\/uploads\/2025\/10\/YouGov-PT-Catalogos-y-marcas-proprias-Graph-2-NL-1024x577.png\" alt=\"\" class=\"wp-image-694296\" srcset=\"https:\/\/shopfully.com\/wp-content\/uploads\/2025\/10\/YouGov-PT-Catalogos-y-marcas-proprias-Graph-2-NL-1024x577.png 1024w, https:\/\/shopfully.com\/wp-content\/uploads\/2025\/10\/YouGov-PT-Catalogos-y-marcas-proprias-Graph-2-NL-300x169.png 300w, https:\/\/shopfully.com\/wp-content\/uploads\/2025\/10\/YouGov-PT-Catalogos-y-marcas-proprias-Graph-2-NL-768x432.png 768w, https:\/\/shopfully.com\/wp-content\/uploads\/2025\/10\/YouGov-PT-Catalogos-y-marcas-proprias-Graph-2-NL-1536x865.png 1536w, https:\/\/shopfully.com\/wp-content\/uploads\/2025\/10\/YouGov-PT-Catalogos-y-marcas-proprias-Graph-2-NL.png 1920w\" sizes=\"auto, (max-width: 1024px) 100vw, 1024px\" \/><\/figure>\n\n\n\n<p class=\"wp-block-paragraph\"><\/p>\n\n\n\n<p class=\"has-purple-color has-text-color has-link-color has-komplekt-font-family wp-elements-3 wp-block-paragraph\" style=\"font-style:normal;font-weight:700;text-transform:uppercase\"><strong>A ascens\u00e3o das marcas pr\u00f3prias<\/strong><\/p>\n\n\n\n<p class=\"wp-block-paragraph\">O estudo confirma tamb\u00e9m a for\u00e7a das marcas pr\u00f3prias: <strong>93% dos portugueses compram este tipo de marcas.<\/strong> A principal raz\u00e3o \u00e9 a perce\u00e7\u00e3o de qualidade equivalente \u00e0s grandes marcas (45%), seguida do pre\u00e7o mais competitivo (41%). Esta tend\u00eancia \u00e9 ainda mais marcada entre mulheres e consumidores mais velhos, enquanto os mais jovens demonstram maior fidelidade \u00e0s marcas l\u00edderes tradicionais.<\/p>\n\n\n\n<figure class=\"wp-block-image size-large \"><img loading=\"lazy\" decoding=\"async\" width=\"1024\" height=\"577\" src=\"https:\/\/shopfully.com\/wp-content\/uploads\/2025\/10\/YouGov-PT-Catalogos-y-marcas-proprias-Graph-3-NLB-1024x577.png\" alt=\"\" class=\"wp-image-694300\" srcset=\"https:\/\/shopfully.com\/wp-content\/uploads\/2025\/10\/YouGov-PT-Catalogos-y-marcas-proprias-Graph-3-NLB-1024x577.png 1024w, https:\/\/shopfully.com\/wp-content\/uploads\/2025\/10\/YouGov-PT-Catalogos-y-marcas-proprias-Graph-3-NLB-300x169.png 300w, https:\/\/shopfully.com\/wp-content\/uploads\/2025\/10\/YouGov-PT-Catalogos-y-marcas-proprias-Graph-3-NLB-768x432.png 768w, https:\/\/shopfully.com\/wp-content\/uploads\/2025\/10\/YouGov-PT-Catalogos-y-marcas-proprias-Graph-3-NLB-1536x865.png 1536w, https:\/\/shopfully.com\/wp-content\/uploads\/2025\/10\/YouGov-PT-Catalogos-y-marcas-proprias-Graph-3-NLB.png 1920w\" sizes=\"auto, (max-width: 1024px) 100vw, 1024px\" \/><\/figure>\n\n\n\n<p class=\"wp-block-paragraph\"><\/p>\n\n\n\n<p class=\"wp-block-paragraph\">\u201c<em>O consumidor portugu\u00eas \u00e9 pragm\u00e1tico e proativo. Perante a perce\u00e7\u00e3o de menor capacidade de compra, n\u00e3o cruza os bra\u00e7os: age. A procura de ofertas atrav\u00e9s dos folhetos, a compara\u00e7\u00e3o de pre\u00e7os e a escolha de marcas pr\u00f3prias s\u00e3o estrat\u00e9gias-chave que revelam uma gest\u00e3o inteligente do or\u00e7amento familiar. Al\u00e9m disso, o uso de folhetos digitais continua a crescer, refletindo a adapta\u00e7\u00e3o a um consumidor cada vez mais digital e pr\u00e1tico<\/em>\u201d, afirma <strong>Cezar Pereira, Diretor Regional (Portugal) e respons\u00e1vel por <\/strong><strong><em>Groceries Strategic Growth<\/em><\/strong><strong> (Espanha) na Shopfully.<\/strong><\/p>\n\n\n\n<p class=\"has-text-color has-link-color has-komplekt-font-family wp-elements-4 wp-block-paragraph\" style=\"color:#777794;font-style:normal;font-weight:700;text-transform:uppercase\"><strong>Metodologia<\/strong><\/p>\n\n\n\n<p class=\"has-text-color has-link-color wp-elements-5 wp-block-paragraph\" style=\"color:#777794\">O estudo foi realizado utilizando a metodologia CAWI (Computer-Assisted Web Interviewing) atrav\u00e9s do painel da YouGov. Foram conduzidas 1.052 entrevistas a indiv\u00edduos maiores de 18 anos, residentes em Portugal. As entrevistas decorreram entre 19 e 23 de setembro de 2025 e a amostra \u00e9 representativa em termos de g\u00e9nero, idade<\/p>\n\n\n\n<p class=\"wp-block-paragraph\"><\/p>\n","protected":false},"excerpt":{"rendered":"<p>A Shopfully, em colabora\u00e7\u00e3o com a YouGov, analisou os h\u00e1bitos de compra de mais de 1.000 consumidores portugueses, num contexto marcado pela infla\u00e7\u00e3o e pela incerteza econ\u00f3mica. O estudo revela um consumidor mais estrat\u00e9gico, digital e pragm\u00e1tico, que ajusta a forma de comprar para otimizar o or\u00e7amento familiar sem abdicar da qualidade. Preocupa\u00e7\u00e3o com o [&hellip;]<\/p>\n","protected":false},"featured_media":694302,"parent":0,"menu_order":0,"template":"","meta":{"_acf_changed":false,"footnotes":""},"class_list":["post-694301","newsroom","type-newsroom","status-publish","has-post-thumbnail","hentry"],"acf":{"topic_news":[1623],"country_news":"Portugal","date_news":"20251014"},"_links":{"self":[{"href":"https:\/\/shopfully.com\/pt-pt\/wp-json\/wp\/v2\/newsroom\/694301","targetHints":{"allow":["GET"]}}],"collection":[{"href":"https:\/\/shopfully.com\/pt-pt\/wp-json\/wp\/v2\/newsroom"}],"about":[{"href":"https:\/\/shopfully.com\/pt-pt\/wp-json\/wp\/v2\/types\/newsroom"}],"version-history":[{"count":1,"href":"https:\/\/shopfully.com\/pt-pt\/wp-json\/wp\/v2\/newsroom\/694301\/revisions"}],"predecessor-version":[{"id":694303,"href":"https:\/\/shopfully.com\/pt-pt\/wp-json\/wp\/v2\/newsroom\/694301\/revisions\/694303"}],"acf:term":[{"embeddable":true,"taxonomy":"post_tag","href":"https:\/\/shopfully.com\/pt-pt\/wp-json\/wp\/v2\/tags\/1623"}],"wp:featuredmedia":[{"embeddable":true,"href":"https:\/\/shopfully.com\/pt-pt\/wp-json\/wp\/v2\/media\/694302"}],"wp:attachment":[{"href":"https:\/\/shopfully.com\/pt-pt\/wp-json\/wp\/v2\/media?parent=694301"}],"curies":[{"name":"wp","href":"https:\/\/api.w.org\/{rel}","templated":true}]}}